{"id":14236,"date":"2026-04-29T09:39:03","date_gmt":"2026-04-29T12:39:03","guid":{"rendered":"https:\/\/sersingularmente.com.br\/site\/?p=14236"},"modified":"2026-04-29T09:42:42","modified_gmt":"2026-04-29T12:42:42","slug":"dupla-excepcionalidade-quando-o-alto-potencial-e-os-desafios-caminham-juntos","status":"publish","type":"post","link":"https:\/\/sersingularmente.com.br\/site\/2026\/04\/29\/dupla-excepcionalidade-quando-o-alto-potencial-e-os-desafios-caminham-juntos\/","title":{"rendered":"Dupla Excepcionalidade: Quando o Alto Potencial e os Desafios Caminham Juntos"},"content":{"rendered":"\n<h2 class=\"wp-block-heading\">Dupla Excepcionalidade: Quando o Alto Potencial e os Desafios Caminham Juntos<\/h2>\n\n\n\n<p>Muitas vezes, vemos fam\u00edlias que vivem um paradoxo angustiante:<br>De um lado, percebem uma crian\u00e7a com um racioc\u00ednio brilhante, um vocabul\u00e1rio de adulto e uma curiosidade que parece n\u00e3o ter fim. Do outro, enfrentam dificuldades severas de comportamento, socializa\u00e7\u00e3o ou aprendizado que n\u00e3o parecem &#8220;combinar&#8221; com aquela intelig\u00eancia toda.<\/p>\n\n\n\n<p>Se voc\u00ea j\u00e1 se sentiu confusa tentando entender por que seu filho \u00e9 genial para algumas coisas e parece travar em outras t\u00e3o simples, saiba que essa realidade pode ter um nome: <strong>Dupla Excepcionalidade<\/strong>.<\/p>\n\n\n\n<p>Entender esse conceito \u00e9 o primeiro passo para parar de cobrar perfei\u00e7\u00e3o e come\u00e7ar a oferecer o acolhimento que seu filho realmente precisa.<\/p>\n\n\n\n<h3 class=\"wp-block-heading\"><strong>O que \u00e9 a Dupla Excepcionalidade?<\/strong><\/h3>\n\n\n\n<p>De forma simples, a dupla excepcionalidade (2e) ocorre quando um indiv\u00edduo apresenta, simultaneamente, Altas Habilidades\/Superdota\u00e7\u00e3o e uma ou mais condi\u00e7\u00f5es diagn\u00f3sticas, como TEA, TDAH, Dislexia ou outros transtornos de aprendizagem e comportamento.<\/p>\n\n\n\n<p>O maior desafio aqui \u00e9 o chamado efeito de mascaramento:<\/p>\n\n\n\n<ol class=\"wp-block-list\">\n<li><strong>A superdota\u00e7\u00e3o pode camuflar a dificuldade<\/strong> (a crian\u00e7a compensa os desafios com a intelig\u00eancia).<\/li>\n\n\n\n<li><strong>A dificuldade pode camuflar a superdota\u00e7\u00e3o<\/strong> (o foco fica apenas na dificuldade, e o potencial n\u00e3o \u00e9 estimulado).<\/li>\n\n\n\n<li><strong>Ambas se camuflam mutuamente<\/strong>, fazendo com que a crian\u00e7a pare\u00e7a &#8220;m\u00e9dia&#8221; ou apenas &#8220;pregui\u00e7osa&#8221;, quando na verdade ela est\u00e1 sob um esfor\u00e7o exaustivo para dar conta de dois mundos opostos.<\/li>\n<\/ol>\n\n\n\n<p>Vamos detalhar como essas combina\u00e7\u00f5es se manifestam na pr\u00e1tica, com base nos estudos e na pr\u00e1tica cl\u00ednica de refer\u00eancias como o psic\u00f3logo Dami\u00e3o Silva.<\/p>\n\n\n\n<hr class=\"wp-block-separator has-alpha-channel-opacity\"\/>\n\n\n\n<h3 class=\"wp-block-heading\"><strong>1. Superdota\u00e7\u00e3o + TEA (Autismo)<\/strong><\/h3>\n\n\n\n<p>Esta \u00e9 uma das combina\u00e7\u00f5es mais frequentes na dupla excepcionalidade.&nbsp;<\/p>\n\n\n\n<p>Aqui, as habilidades cognitivas elevadas podem esconder sinais cl\u00e1ssicos do autismo, especialmente em crian\u00e7as com fala precoce.<\/p>\n\n\n\n<ul class=\"wp-block-list\">\n<li><strong>O Mascaramento:<\/strong> A crian\u00e7a pode usar seu alto intelecto para &#8220;decorar&#8221; regras sociais ou camuflar dificuldades de intera\u00e7\u00e3o.<\/li>\n\n\n\n<li><strong>O Desafio:<\/strong> Por outro lado, o autismo pode fazer com que os interesses profundos da superdota\u00e7\u00e3o sejam vistos apenas como &#8220;hiperfocos&#8221; restritivos, ignorando a capacidade criativa e produtiva da crian\u00e7a. \u00c9 um perfil que exige um olhar atento para a sensibilidade sensorial, emocional e social e a necessidade de previsibilidade.<\/li>\n<\/ul>\n\n\n\n<h3 class=\"wp-block-heading\"><strong>2. Superdota\u00e7\u00e3o + TDAH<\/strong><\/h3>\n\n\n\n<p>Diferenciar um superdotado de uma crian\u00e7a com TDAH \u00e9 um grande desafio cl\u00ednico. Isso ocorre porque a curiosidade intensa e a rapidez de pensamento da superdota\u00e7\u00e3o podem se parecer muito com a desaten\u00e7\u00e3o ou a hiperatividade.<\/p>\n\n\n\n<ul class=\"wp-block-list\">\n<li><strong>A Diferen\u00e7a:<\/strong> No TDAH, a dificuldade de aten\u00e7\u00e3o \u00e9 generalizada e biol\u00f3gica. Na superdota\u00e7\u00e3o, a &#8220;desaten\u00e7\u00e3o&#8221; geralmente ocorre por falta de est\u00edmulo ou t\u00e9dio \u2014 se o assunto interessa, a crian\u00e7a foca profundamente.<\/li>\n\n\n\n<li><strong>A Conviv\u00eancia:<\/strong> Quando ambos coexistem, a crian\u00e7a tem ideias brilhantes, mas uma dificuldade imensa em organizar o pensamento e concluir tarefas, gerando uma frustra\u00e7\u00e3o constante por n\u00e3o conseguir &#8220;tirar os projetos da cabe\u00e7a&#8221;.<\/li>\n<\/ul>\n\n\n\n<h3 class=\"wp-block-heading\"><strong>3. Superdota\u00e7\u00e3o + Dislexia<\/strong><\/h3>\n\n\n\n<p>Imagine uma crian\u00e7a que consegue explicar teorias complexas sobre o universo, mas que sofre para ler uma frase simples ou escrever uma frase de forma leg\u00edvel.<\/p>\n\n\n\n<ul class=\"wp-block-list\">\n<li><strong>O Paradoxo:<\/strong> Esse \u00e9 o perfil da SD + Dislexia. O vocabul\u00e1rio \u00e9 rico e o racioc\u00ednio \u00e9 r\u00e1pido, mas as barreiras na leitura e escrita s\u00e3o severas.<\/li>\n\n\n\n<li><strong>O Perigo:<\/strong> Frequentemente, essas crian\u00e7as s\u00e3o rotuladas como &#8220;pregui\u00e7osas&#8221; &#8211; &#8220;Como voc\u00ea sabe tanto e n\u00e3o consegue escrever isso?&#8221; &#8211; , o que destr\u00f3i a autoestima e o desejo de aprender.<\/li>\n<\/ul>\n\n\n\n<h3 class=\"wp-block-heading\"><strong>4. Superdota\u00e7\u00e3o + TOD (Transtorno Opositor Desafiador)<\/strong><\/h3>\n\n\n\n<p>Aqui entramos em um terreno delicado: o limite entre o questionamento cr\u00edtico e a oposi\u00e7\u00e3o patol\u00f3gica.<\/p>\n\n\n\n<ul class=\"wp-block-list\">\n<li><strong>Questionamento Cr\u00edtico (SD):<\/strong> O superdotado questiona regras que n\u00e3o fazem sentido l\u00f3gico. Ele quer entender o &#8220;porqu\u00ea&#8221;.<\/li>\n\n\n\n<li><strong>Comportamento Desafiador (TOD):<\/strong> No TOD, a oposi\u00e7\u00e3o \u00e9 persistente, muitas vezes sem uma base l\u00f3gica, e visa desafiar a autoridade de forma sistem\u00e1tica.<\/li>\n\n\n\n<li><strong>A Intersec\u00e7\u00e3o:<\/strong> Na dupla excepcionalidade, a baixa toler\u00e2ncia \u00e0 frustra\u00e7\u00e3o t\u00edpica da superdota\u00e7\u00e3o, somada a um ambiente que n\u00e3o compreende sua intensidade, pode exacerbar comportamentos opositores. O acolhimento e a valida\u00e7\u00e3o emocional s\u00e3o as chaves aqui.<\/li>\n<\/ul>\n\n\n\n<hr class=\"wp-block-separator has-alpha-channel-opacity\"\/>\n\n\n\n<h3 class=\"wp-block-heading\"><strong>Conhecimento \u00e9 o Caminho<\/strong><\/h3>\n\n\n\n<p>Viver a dupla excepcionalidade na fam\u00edlia \u00e9 ter que lidar com uma intensidade que transborda. A trajet\u00f3ria nunca \u00e9 f\u00e1cil, mas entender que seu filho \u00e9 singular \u2014 muda tudo.<\/p>\n\n\n\n<p>Se esses relatos ecoaram na sua realidade, o caminho para a clareza e o desenvolvimento saud\u00e1vel do seu filho requerem, fundamentalmente, uma <strong>avalia\u00e7\u00e3o neuropsicol\u00f3gica especializada<\/strong>. Esse processo \u00e9 o &#8220;mapa&#8221; necess\u00e1rio para separar com precis\u00e3o o que \u00e9 potencial do que s\u00e3o desafios. Somente com essa investiga\u00e7\u00e3o profunda \u00e9 poss\u00edvel garantir que os talentos n\u00e3o sejam ignorados, enquanto as dificuldades recebem o suporte e as interven\u00e7\u00f5es corretas para o bem-estar de toda a fam\u00edlia.<\/p>\n\n\n\n<p>Lembre-se: seu filho n\u00e3o precisa ser &#8220;consertado&#8221;. Ele precisa ser compreendido e atendido em sua totalidade.<\/p>\n\n\n\n<p><strong>Chris Pimenta<\/strong><em> <\/em><br><em>SingularMente \u2013 Espa\u00e7o de Ser<\/em><\/p>\n\n\n\n<p><\/p>\n","protected":false},"excerpt":{"rendered":"<p>Dupla Excepcionalidade: Quando o Alto Potencial e os Desafios Caminham Juntos Muitas vezes, vemos fam\u00edlias que vivem um paradoxo angustiante:De um lado, percebem uma crian\u00e7a com um racioc\u00ednio brilhante, um vocabul\u00e1rio de adulto e uma curiosidade que parece n\u00e3o ter fim. Do outro, enfrentam dificuldades severas de comportamento, socializa\u00e7\u00e3o ou aprendizado que n\u00e3o parecem &#8220;combinar&#8221; [&hellip;]<\/p>\n","protected":false},"author":1,"featured_media":14237,"comment_status":"open","ping_status":"open","sticky":false,"template":"","format":"standard","meta":{"footnotes":""},"categories":[1],"tags":[54,55,56],"class_list":["post-14236","post","type-post","status-publish","format-standard","has-post-thumbnail","hentry","category-artigos","tag-2e","tag-dupla-excepcionalidade","tag-neurodivergencia"],"aioseo_notices":[],"_links":{"self":[{"href":"https:\/\/sersingularmente.com.br\/site\/wp-json\/wp\/v2\/posts\/14236","targetHints":{"allow":["GET"]}}],"collection":[{"href":"https:\/\/sersingularmente.com.br\/site\/wp-json\/wp\/v2\/posts"}],"about":[{"href":"https:\/\/sersingularmente.com.br\/site\/wp-json\/wp\/v2\/types\/post"}],"author":[{"embeddable":true,"href":"https:\/\/sersingularmente.com.br\/site\/wp-json\/wp\/v2\/users\/1"}],"replies":[{"embeddable":true,"href":"https:\/\/sersingularmente.com.br\/site\/wp-json\/wp\/v2\/comments?post=14236"}],"version-history":[{"count":2,"href":"https:\/\/sersingularmente.com.br\/site\/wp-json\/wp\/v2\/posts\/14236\/revisions"}],"predecessor-version":[{"id":14240,"href":"https:\/\/sersingularmente.com.br\/site\/wp-json\/wp\/v2\/posts\/14236\/revisions\/14240"}],"wp:featuredmedia":[{"embeddable":true,"href":"https:\/\/sersingularmente.com.br\/site\/wp-json\/wp\/v2\/media\/14237"}],"wp:attachment":[{"href":"https:\/\/sersingularmente.com.br\/site\/wp-json\/wp\/v2\/media?parent=14236"}],"wp:term":[{"taxonomy":"category","embeddable":true,"href":"https:\/\/sersingularmente.com.br\/site\/wp-json\/wp\/v2\/categories?post=14236"},{"taxonomy":"post_tag","embeddable":true,"href":"https:\/\/sersingularmente.com.br\/site\/wp-json\/wp\/v2\/tags?post=14236"}],"curies":[{"name":"wp","href":"https:\/\/api.w.org\/{rel}","templated":true}]}}